{"id":2064,"date":"2015-02-04T01:03:53","date_gmt":"2015-02-03T23:03:53","guid":{"rendered":"http:\/\/www.vesna-bukovec.net\/eng\/?p=2064"},"modified":"2015-04-01T16:24:41","modified_gmt":"2015-04-01T14:24:41","slug":"vesna-bukovec-in-ce-se-motim-and-if-i-am-wrong","status":"publish","type":"post","link":"http:\/\/www.vesna-bukovec.net\/eng\/archives\/2064","title":{"rendered":"Vesna Bukovec: In \u010de se motim? \/ And if I am wrong?"},"content":{"rendered":"<p><strong>Exhibition:<\/strong> Vesna Bukovec: In \u010de se motim? \/ And if I am wrong? (pregledna razstava risb \/ survey exhibition of drawings )<br \/>\n<strong>Location:<\/strong> Hi\u0161a kulture v Pivki, Sne\u017eni\u0161ka cesta 2, Pivka, SI<br \/>\n<strong>Date:<\/strong> February 13 \u2013 27, 2015<br \/>\n<strong>Opening:<\/strong> Friday, February 13, 2015 at 7 pm<\/p>\n<p><strong>Curated by:<\/strong> Mojca Grmek<\/p>\n<p><img decoding=\"async\" loading=\"lazy\" src=\"http:\/\/www.vesna-bukovec.net\/eng\/wp-content\/uploads\/2015\/02\/what-if-i-fail.jpg\" alt=\"Vesna Bukovec\" title=\"\" width=\"450\" height=\"220\" class=\"alignnone size-full wp-image-2065\" srcset=\"http:\/\/www.vesna-bukovec.net\/eng\/wp-content\/uploads\/2015\/02\/what-if-i-fail.jpg 450w, http:\/\/www.vesna-bukovec.net\/eng\/wp-content\/uploads\/2015\/02\/what-if-i-fail-300x146.jpg 300w\" sizes=\"(max-width: 450px) 100vw, 450px\" \/><br \/>\nVesna Bukovec, from the series <em>I am aware of the possibility to be misunderstood<\/em>, 2011<\/p>\n<p><strong><\/strong><br \/>\n<strong><\/strong><\/p>\n<p>O razstavi<\/p>\n<p>Umetnica bo na razstavi predstavila izbor iz aktualne produkcije risb, ki na kriti\u010dno-humoren na\u010din obravnavajo zagate posameznice ali posameznika ob \u0161tevilnih potro\u0161ni\u0161kih, identitetnih, poklicnih in politi\u010dnih izbirah, ki jih ponuja dana\u0161nji \u010das. Njene risbe, vselej povezane v serije, nastajajo po fotografijah, ki jih najde na svetovnem spletu, ve\u010dkrat pa vanje vklju\u010di tudi besedilo, ki je ve\u010dinoma v \u2018univerzalnem\u2019 angle\u0161kem jeziku. V ospredju teh konceptualnih risb, ki so kola\u017e ve\u010dinoma citiranih podob in izjav, je njihova sporo\u010dilnost, s katero umetnica podaja svoj komentar in kritiko sodobne dru\u017ebene realnosti.<\/p>\n<p><strong><\/strong><br \/>\n<a href=\"http:\/\/www.vesna-bukovec.net\/eng\/wp-content\/uploads\/2015\/02\/vesna.gal_.pdf\" target=\"_blank\">Galerijski list (pdf)<\/a><br \/>\n<strong><\/strong><br \/>\nObjave v medijih:<br \/>\n<a href=\"http:\/\/www.worldofart.org\/aktualno\/archives\/7262\" target=\"_blank\">Kritika razstave, avtorica Nina Jesih, te\u010dajnica Svet umetnosti. \u0160ole za kustose in kritike sodobne umetnosti<\/a><br \/>\n<a href=\"http:\/\/4d.rtvslo.si\/arhiv\/osmi-dan-prispevki\/174324745\" target=\"_blank\">Prispevek v Osmem dnevu, RTV SLO 1, 12. 3. 2015 (avtorica Andreja Ko\u010dar)<\/a><br \/>\n<a href=\"http:\/\/4d.rtvslo.si\/arhiv\/kultura\/174321907\" target=\"_blank\">RTV SLO 1, Kultura ob 22h, 25. 2. 2015 (od 02:57 do 03:46)<\/a><br \/>\n<a href=\"http:\/\/www.primorske.si\/2015\/02\/15\/S-provokacijo-nad-instant-druzbo\" target=\"_blank\">Veronika R. \u017denko: S provokacijo nad instant dru\u017ebo, Primorske novice, 16. 2. 2015<\/a><br \/>\n<a href=\"http:\/\/www.vesna-bukovec.net\/eng\/wp-content\/uploads\/2015\/02\/mladina-07_2015.jpg\" target=\"_blank\">Najava v Mladini, 13. 2. 2015<\/a><br \/>\n<strong><\/strong><br \/>\n<strong><\/strong><br \/>\nDela na razstavi:<\/p>\n<ul>\n<li><a href=\"http:\/\/www.vesna-bukovec.net\/eng\/drawings\/na-cigav-racun-at-whose-expense\">Na \u010digav ra\u010dun \/ At whose expense, 2015<\/a><\/li>\n<li><a href=\"http:\/\/www.vesna-bukovec.net\/eng\/projects\/as-if\">As if, 2014<\/a><\/li>\n<li><a href=\"http:\/\/www.vesna-bukovec.net\/eng\/drawings\/ali-me-nocete-ker-sem-kriticna-do-you-not-want-me-because-im-critical\">Ali me no\u010dete, ker sem kriti\u010dna \/ Do you not want me, because I\u2019m critical, 2012<\/a><\/li>\n<li><a href=\"http:\/\/www.vesna-bukovec.net\/eng\/drawings\/there-is-no-society-without-spectacle\">Ni dru\u017ebe brez spektakla \/ There is no society without spectacle, 2011\u2013<\/a><\/li>\n<li><a href=\"http:\/\/www.vesna-bukovec.net\/eng\/drawings\/how-to-fail-successfully\">Kako se uspe\u0161no spopasti z neuspehom \/ How to fail successfully, 2011<\/a><\/li>\n<li><a href=\"http:\/\/www.vesna-bukovec.net\/eng\/drawings\/i-am-aware-of-the-possibility-to-be-misunderstood\">Obstaja mo\u017enost, da boste napa\u010dno razumeli \/ I am aware of the possibility to be misunderstood, 2011<\/a><\/li>\n<li><a href=\"http:\/\/www.vesna-bukovec.net\/eng\/i-promise-to-change-the-world-but-only-if-10-other-people-will-do-the-same\">Obljubim, da bom spremenila svet, ampak le, \u010de bo to storilo tudi 10 drugih \/ I promise to change the world but only if 10 other people will do the same, 2010<\/a><\/li>\n<li><a href=\"http:\/\/www.vesna-bukovec.net\/eng\/positive-illusion\">Pozitivna iluzija \/ Positive Illusion, 2009<\/a><\/li>\n<\/ul>\n<p><strong><\/strong><br \/>\n<strong><\/strong><\/p>\n<p><img decoding=\"async\" loading=\"lazy\" src=\"http:\/\/www.vesna-bukovec.net\/eng\/wp-content\/uploads\/2015\/02\/hisa-kulture-pivka.gif\" alt=\"Hi\u0161a kulture v Pivki\" width=\"100\" height=\"100\" class=\"alignnone size-full wp-image-2066\" \/><\/p>\n<div style=\"clear:both\"><\/div>\n<p>Hi\u0161a kulture v Pivki<br \/>\nSne\u017eni\u0161ka cesta 2<br \/>\n6257 Pivka<\/p>\n<p>Galerija je odprta v \u010dasu prireditev in po dogovoru (031 768 427).<\/p>\n<p><a href=\"http:\/\/hisakulturepivka.com\/\" target=\"_blank\">http:\/\/hisakulturepivka.com<\/a><\/p>\n<p>&#8212;<\/p>\n<p>About the exhibition<\/p>\n<p>The exhibition brings forward a selection from the current production of drawings by Vesna Bukovec. The drawings, always conected in series, are based on the photos found on the Internet and often include text. They address the dilemma of the individual on a vast number of consumer, identity, professional and political choices offered today. The message of these conceptual drawings, which are collages of mostly quoted images and statements, is the artist&#8217;s comment and critique of contemporary social reality. <\/p>\n<p><strong><\/strong><br \/>\n<strong><\/strong><br \/>\nWorks at the exhibition:<\/p>\n<ul>\n<li><a href=\"http:\/\/www.vesna-bukovec.net\/eng\/drawings\/na-cigav-racun-at-whose-expense\">Na \u010digav ra\u010dun \/ At whose expense, 2015<\/a><\/li>\n<li><a href=\"http:\/\/www.vesna-bukovec.net\/eng\/projects\/as-if\">As if, 2014<\/a><\/li>\n<li><a href=\"http:\/\/www.vesna-bukovec.net\/eng\/drawings\/ali-me-nocete-ker-sem-kriticna-do-you-not-want-me-because-im-critical\">Ali me no\u010dete, ker sem kriti\u010dna \/ Do you not want me, because I\u2019m critical, 2012<\/a><\/li>\n<li><a href=\"http:\/\/www.vesna-bukovec.net\/eng\/drawings\/there-is-no-society-without-spectacle\">There is no society without spectacle, 2011\u2013<\/a><\/li>\n<li><a href=\"http:\/\/www.vesna-bukovec.net\/eng\/drawings\/how-to-fail-successfully\">How to fail successfully, 2011<\/a><\/li>\n<li><a href=\"http:\/\/www.vesna-bukovec.net\/eng\/drawings\/i-am-aware-of-the-possibility-to-be-misunderstood\">I am aware of the possibility to be misunderstood, 2011<\/a><\/li>\n<li><a href=\"http:\/\/www.vesna-bukovec.net\/eng\/i-promise-to-change-the-world-but-only-if-10-other-people-will-do-the-same\">I promise to change the world but only if 10 other people will do the same, 2010<\/a><\/li>\n<li><a href=\"http:\/\/www.vesna-bukovec.net\/eng\/positive-illusion\">Positive Illusion, 2009<\/a><\/li>\n<\/ul>\n<p>&#8212;<\/p>\n<p>Opening of the exhibition<\/p>\n<p><img decoding=\"async\" src=\"http:\/\/www.vesna-bukovec.net\/slike\/news\/pivka\/pivka-otvoritev-01.jpg\" alt=\"Vesna Bukovec: In \u010de se motim?, Hi\u0161a kulture v Pivki\" \/><\/p>\n<p><img decoding=\"async\" src=\"http:\/\/www.vesna-bukovec.net\/slike\/news\/pivka\/pivka-otvoritev-02.jpg\" alt=\"Vesna Bukovec: In \u010de se motim?, Hi\u0161a kulture v Pivki\" \/><\/p>\n<p><img decoding=\"async\" src=\"http:\/\/www.vesna-bukovec.net\/slike\/news\/pivka\/pivka-otvoritev-03.jpg\" alt=\"Vesna Bukovec: In \u010de se motim?, Hi\u0161a kulture v Pivki\" \/><\/p>\n<p><img decoding=\"async\" src=\"http:\/\/www.vesna-bukovec.net\/slike\/news\/pivka\/pivka-otvoritev-04.jpg\" alt=\"Vesna Bukovec: In \u010de se motim?, Hi\u0161a kulture v Pivki\" \/><\/p>\n<p><img decoding=\"async\" src=\"http:\/\/www.vesna-bukovec.net\/slike\/news\/pivka\/pivka-otvoritev-05.jpg\" alt=\"Vesna Bukovec: In \u010de se motim?, Hi\u0161a kulture v Pivki\" \/><\/p>\n<p><img decoding=\"async\" src=\"http:\/\/www.vesna-bukovec.net\/slike\/news\/pivka\/pivka-otvoritev-06.jpg\" alt=\"Vesna Bukovec: In \u010de se motim?, Hi\u0161a kulture v Pivki\" \/><\/p>\n<p><img decoding=\"async\" src=\"http:\/\/www.vesna-bukovec.net\/slike\/news\/pivka\/pivka-otvoritev-07.jpg\" alt=\"Vesna Bukovec: In \u010de se motim?, Hi\u0161a kulture v Pivki\" \/><\/p>\n<p><img decoding=\"async\" src=\"http:\/\/www.vesna-bukovec.net\/slike\/news\/pivka\/pivka-otvoritev-08.jpg\" alt=\"Vesna Bukovec: In \u010de se motim?, Hi\u0161a kulture v Pivki\" \/><\/p>\n<p><img decoding=\"async\" src=\"http:\/\/www.vesna-bukovec.net\/slike\/news\/pivka\/pivka-otvoritev-09.jpg\" alt=\"Vesna Bukovec: In \u010de se motim?, Hi\u0161a kulture v Pivki\" \/><\/p>\n<p><img decoding=\"async\" src=\"http:\/\/www.vesna-bukovec.net\/slike\/news\/pivka\/pivka-otvoritev-10.jpg\" alt=\"Vesna Bukovec: In \u010de se motim?, Hi\u0161a kulture v Pivki\" \/><\/p>\n<p>&#8212;<\/p>\n<p>Exhibition view<br \/>\nPhoto: Simon Avsec<\/p>\n<p><img decoding=\"async\" src=\"http:\/\/www.vesna-bukovec.net\/slike\/pivka\/vesna-bukovec-01.jpg\" alt=\"Vesna Bukovec: In \u010de se motim?, Hi\u0161a kulture v Pivki\" \/><\/p>\n<p><img decoding=\"async\" src=\"http:\/\/www.vesna-bukovec.net\/slike\/pivka\/vesna-bukovec-02.jpg\" alt=\"Vesna Bukovec: In \u010de se motim?, Hi\u0161a kulture v Pivki\" \/><\/p>\n<p><img decoding=\"async\" src=\"http:\/\/www.vesna-bukovec.net\/slike\/pivka\/vesna-bukovec-03.jpg\" alt=\"Vesna Bukovec: In \u010de se motim?, Hi\u0161a kulture v Pivki\" \/><\/p>\n<p><img decoding=\"async\" src=\"http:\/\/www.vesna-bukovec.net\/slike\/pivka\/vesna-bukovec-04.jpg\" alt=\"Vesna Bukovec: In \u010de se motim?, Hi\u0161a kulture v Pivki\" \/><\/p>\n<p><img decoding=\"async\" src=\"http:\/\/www.vesna-bukovec.net\/slike\/pivka\/vesna-bukovec-05.jpg\" alt=\"Vesna Bukovec: In \u010de se motim?, Hi\u0161a kulture v Pivki\" \/><\/p>\n<p><img decoding=\"async\" src=\"http:\/\/www.vesna-bukovec.net\/slike\/pivka\/vesna-bukovec-06.jpg\" alt=\"Vesna Bukovec: In \u010de se motim?, Hi\u0161a kulture v Pivki\" \/><\/p>\n<p><img decoding=\"async\" src=\"http:\/\/www.vesna-bukovec.net\/slike\/pivka\/vesna-bukovec-07.jpg\" alt=\"Vesna Bukovec: In \u010de se motim?, Hi\u0161a kulture v Pivki\" \/><\/p>\n<p><img decoding=\"async\" src=\"http:\/\/www.vesna-bukovec.net\/slike\/pivka\/vesna-bukovec-08.jpg\" alt=\"Vesna Bukovec: In \u010de se motim?, Hi\u0161a kulture v Pivki\" \/><\/p>\n<p><img decoding=\"async\" src=\"http:\/\/www.vesna-bukovec.net\/slike\/pivka\/vesna-bukovec-09.jpg\" alt=\"Vesna Bukovec: In \u010de se motim?, Hi\u0161a kulture v Pivki\" \/><\/p>\n<p><img decoding=\"async\" src=\"http:\/\/www.vesna-bukovec.net\/slike\/pivka\/vesna-bukovec-10.jpg\" alt=\"Vesna Bukovec: In \u010de se motim?, Hi\u0161a kulture v Pivki\" \/><\/p>\n<p><img decoding=\"async\" src=\"http:\/\/www.vesna-bukovec.net\/slike\/pivka\/vesna-bukovec-11.jpg\" alt=\"Vesna Bukovec: In \u010de se motim?, Hi\u0161a kulture v Pivki\" \/><\/p>\n<p><img decoding=\"async\" src=\"http:\/\/www.vesna-bukovec.net\/slike\/pivka\/vesna-bukovec-12.jpg\" alt=\"Vesna Bukovec: In \u010de se motim?, Hi\u0161a kulture v Pivki\" \/><\/p>\n<p><img decoding=\"async\" src=\"http:\/\/www.vesna-bukovec.net\/slike\/pivka\/vesna-bukovec-13.jpg\" alt=\"Vesna Bukovec: In \u010de se motim?, Hi\u0161a kulture v Pivki\" \/><\/p>\n<p><img decoding=\"async\" src=\"http:\/\/www.vesna-bukovec.net\/slike\/pivka\/vesna-bukovec-14.jpg\" alt=\"Vesna Bukovec: In \u010de se motim?, Hi\u0161a kulture v Pivki\" \/><\/p>\n<p><img decoding=\"async\" src=\"http:\/\/www.vesna-bukovec.net\/slike\/pivka\/vesna-bukovec-15.jpg\" alt=\"Vesna Bukovec: In \u010de se motim?, Hi\u0161a kulture v Pivki\" \/><\/p>\n<p><img decoding=\"async\" src=\"http:\/\/www.vesna-bukovec.net\/slike\/pivka\/vesna-bukovec-16.jpg\" alt=\"Vesna Bukovec: In \u010de se motim?, Hi\u0161a kulture v Pivki\" \/><\/p>\n","protected":false},"excerpt":{"rendered":"<table class=\"povzetek\">\n<tr>\n<td valign=\"top\" width=\"200px\"><a href=\"http:\/\/www.vesna-bukovec.net\/eng\/archives\/2064\"><img decoding=\"async\" src=\"http:\/\/www.vesna-bukovec.net\/eng\/wp-content\/uploads\/2015\/02\/what-if-i-fail.jpg\" alt=\"Vesna Bukovec, from the series I am aware of the possibility to be misunderstood, 2011\" title=\"Vesna Bukovec, from the series I am aware of the possibility to be misunderstood, 2011\" width=\"190\" class=\"alignnone\" \/><\/a><\/td>\n<td valign=\"top\">Hi\u0161a kulture v Pivki, SI<br \/>\nFebruary 13 \u2013 27, 2015<br \/>\nOpening: Friday, February 13, 2015 at 7 pm<\/p>\n<p>Curator: Mojca Grmek<\/p>\n<p>Survey exhibition of drawings \/ Pregledna razstava risb<\/p>\n<p><a href=\"http:\/\/www.vesna-bukovec.net\/eng\/archives\/2064\">>>><\/a>\n<\/td>\n<\/tr>\n<\/table>\n","protected":false},"author":1,"featured_media":0,"comment_status":"open","ping_status":"open","sticky":false,"template":"","format":"standard","meta":[],"categories":[5],"tags":[],"_links":{"self":[{"href":"http:\/\/www.vesna-bukovec.net\/eng\/wp-json\/wp\/v2\/posts\/2064"}],"collection":[{"href":"http:\/\/www.vesna-bukovec.net\/eng\/wp-json\/wp\/v2\/posts"}],"about":[{"href":"http:\/\/www.vesna-bukovec.net\/eng\/wp-json\/wp\/v2\/types\/post"}],"author":[{"embeddable":true,"href":"http:\/\/www.vesna-bukovec.net\/eng\/wp-json\/wp\/v2\/users\/1"}],"replies":[{"embeddable":true,"href":"http:\/\/www.vesna-bukovec.net\/eng\/wp-json\/wp\/v2\/comments?post=2064"}],"version-history":[{"count":20,"href":"http:\/\/www.vesna-bukovec.net\/eng\/wp-json\/wp\/v2\/posts\/2064\/revisions"}],"predecessor-version":[{"id":2140,"href":"http:\/\/www.vesna-bukovec.net\/eng\/wp-json\/wp\/v2\/posts\/2064\/revisions\/2140"}],"wp:attachment":[{"href":"http:\/\/www.vesna-bukovec.net\/eng\/wp-json\/wp\/v2\/media?parent=2064"}],"wp:term":[{"taxonomy":"category","embeddable":true,"href":"http:\/\/www.vesna-bukovec.net\/eng\/wp-json\/wp\/v2\/categories?post=2064"},{"taxonomy":"post_tag","embeddable":true,"href":"http:\/\/www.vesna-bukovec.net\/eng\/wp-json\/wp\/v2\/tags?post=2064"}],"curies":[{"name":"wp","href":"https:\/\/api.w.org\/{rel}","templated":true}]}}