{"id":22,"date":"2008-09-23T14:38:21","date_gmt":"2008-09-23T12:38:21","guid":{"rendered":"http:\/\/www.vesna-bukovec.net\/eng\/?p=22"},"modified":"2009-05-04T17:21:27","modified_gmt":"2009-05-04T15:21:27","slug":"video-in-progress-2-city-perspecives","status":"publish","type":"post","link":"http:\/\/www.vesna-bukovec.net\/eng\/archives\/22","title":{"rendered":"Video in Progress 2: City Perspectives"},"content":{"rendered":"<p><strong>Exhibition:<\/strong> Video in Progress 2: City Perspectives<br \/>\n<strong>Location:<\/strong> <a href=\"http:\/\/www.photon.si\" target=\"_blank\">Photon Gallery<\/a>, Ljubljana<br \/>\n<strong>Date:<\/strong> September 26 &#8211; October 6, 2008<\/p>\n<p><strong>Artists:<\/strong> Jasna Hribernik and Zmago Lenardi\u010d, KOLEKTIVA (Vesna Bukovec, Lada Cerar, Metka Zupani\u010d), Polonca Lov\u0161in, Tanja La\u017eeti\u0107 and Dejan Habicht<\/p>\n<p><strong>Curators:<\/strong> Vesna Bukovec and Metka Zupani\u010d<\/p>\n<p>Video section from the exhibition <strong>PHOTONIC, LUMINATIC: New Slovenian Photography and Video<\/strong> will be preseted in Ljubljana based gallery Photon.<\/p>\n<p><strong>About the exhibition:<\/strong><br \/>\nThis selection presents four video works, which were created by eight Slovenian authors of the younger and middle generation. All artists take part in the representative and testimonial exhibitions of contemporary Slovenian art and they are also active in the international sphere. The joint characteristic of the selected video works is a conceptual research of contemporary society\u2019s peculiarities and of individual comprehension of the urban city reality. All works are based on personal narratives and intimate experience. In three of the videos this is expressed by a form of individual memory of the past, which is continually intertwined with excerpts from the present. The fourth video deals with the future or the ideal image of home. Similar starting points are explored differently by each of the four authors with the use of different formal approaches. The results are four formally and conceptually completely different videos of four different cities, each of them opening new aspects of experiencing a contemporary city.<\/p>\n<p><img decoding=\"async\" src=\"http:\/\/www.vesna-bukovec.net\/slike\/news\/lazetic-habicht.jpg\" alt=\"Tanja La\u017eeti\u0107 and Dejan Habicht: Ideal Home, video still\" \/><\/p>\n<div style=\"clear:both\"><\/div>\n<p>Tanja La\u017eeti\u0107 and Dejan Habicht: Ideal Home, video still<\/p>\n","protected":false},"excerpt":{"rendered":"<table class=\"povzetek\">\n<tr>\n<td valign=\"top\" width=\"200px\"><a href=\"http:\/\/www.vesna-bukovec.net\/eng\/archives\/22\"><img decoding=\"async\" src=\"http:\/\/www.vesna-bukovec.net\/slike\/news\/lazetic-habicht.jpg\" alt=\"City Perspectives\" width=\"190px\"\/><\/a><\/td>\n<td valign=\"top\"><a href=\"http:\/\/www.photon.si\" target=\"_blank\">Photon Gallery<\/a>, Ljubljana<br \/>\nSeptember 26 &#8211; October 6, 2008 <\/p>\n<p>Artists: Jasna Hribernik and Zmago Lenardi\u010d, KOLEKTIVA (Vesna Bukovec, Lada Cerar, Metka Zupani\u010d), Polonca Lov\u0161in, Tanja La\u017eeti\u0107 and Dejan Habicht<br \/>\nCurators: Vesna Bukovec and Metka Zupani\u010d<br \/>\n<a href=\"http:\/\/www.vesna-bukovec.net\/eng\/archives\/22\">>>><\/a>\n<\/td>\n<\/tr>\n<\/table>\n","protected":false},"author":1,"featured_media":0,"comment_status":"open","ping_status":"open","sticky":false,"template":"","format":"standard","meta":[],"categories":[5],"tags":[],"_links":{"self":[{"href":"http:\/\/www.vesna-bukovec.net\/eng\/wp-json\/wp\/v2\/posts\/22"}],"collection":[{"href":"http:\/\/www.vesna-bukovec.net\/eng\/wp-json\/wp\/v2\/posts"}],"about":[{"href":"http:\/\/www.vesna-bukovec.net\/eng\/wp-json\/wp\/v2\/types\/post"}],"author":[{"embeddable":true,"href":"http:\/\/www.vesna-bukovec.net\/eng\/wp-json\/wp\/v2\/users\/1"}],"replies":[{"embeddable":true,"href":"http:\/\/www.vesna-bukovec.net\/eng\/wp-json\/wp\/v2\/comments?post=22"}],"version-history":[{"count":26,"href":"http:\/\/www.vesna-bukovec.net\/eng\/wp-json\/wp\/v2\/posts\/22\/revisions"}],"predecessor-version":[{"id":388,"href":"http:\/\/www.vesna-bukovec.net\/eng\/wp-json\/wp\/v2\/posts\/22\/revisions\/388"}],"wp:attachment":[{"href":"http:\/\/www.vesna-bukovec.net\/eng\/wp-json\/wp\/v2\/media?parent=22"}],"wp:term":[{"taxonomy":"category","embeddable":true,"href":"http:\/\/www.vesna-bukovec.net\/eng\/wp-json\/wp\/v2\/categories?post=22"},{"taxonomy":"post_tag","embeddable":true,"href":"http:\/\/www.vesna-bukovec.net\/eng\/wp-json\/wp\/v2\/tags?post=22"}],"curies":[{"name":"wp","href":"https:\/\/api.w.org\/{rel}","templated":true}]}}