{"id":2935,"date":"2022-04-05T13:43:56","date_gmt":"2022-04-05T11:43:56","guid":{"rendered":"http:\/\/www.vesna-bukovec.net\/eng\/?p=2935"},"modified":"2022-04-05T13:43:56","modified_gmt":"2022-04-05T11:43:56","slug":"becoming-a-woman","status":"publish","type":"post","link":"http:\/\/www.vesna-bukovec.net\/eng\/archives\/2935","title":{"rendered":"Be(com)ing a Woman"},"content":{"rendered":"<p><strong>Exhibition:<\/strong> Be(com)ing a Woman \/ (P)ostati \u017eenska<br \/>\n<strong>Venue:<\/strong> Museum of Recent History Celje (MNZC), Celje, SI<br \/>\n<strong>Date:<\/strong> 8 March \u2013 31 Avgust 2022<\/p>\n<p><img decoding=\"async\" src=\"http:\/\/www.vesna-bukovec.net\/wp-content\/uploads\/2022\/04\/Postati-zenska-1024x536.jpg\" alt=\"\" width=\"450\" class=\"alignnone size-large wp-image-4450\" \/><\/p>\n<div style=\"clear:both\"><\/div>\n<p>With the exhibition Be(com)ing a Woman, the museum opens the space for reflection on intimate feelings and gender awareness, social relations and the representation of women in museums. It places the personal stories of individuals next to the collective ones and explores where the boundaries between the personal and the social are and where the intersections are, where our individual experiences become part of the common.<\/p>\n<p>The exhibition also includes artworks by <strong>Vesna Bukovec<\/strong> and <strong>Lea Culetto<\/strong>.<\/p>\n<p>Curator: <strong>Ur\u0161ka Repar<\/strong><br \/>\nAssociates: <strong>Maja Anton\u010di\u010d, Katja Pur<\/strong><br \/>\nDesign: <strong>Ne\u017ea Penca<\/strong><br \/>\nVideos at the exhibition: <strong>Maja Hodo\u0161\u010dek, Nu\u0161a Ofentav\u0161ek<\/strong><\/p>\n<p>Along with the exhibition a collection of written contributions was published. Authors of the texts are:  <strong>Maja Anton\u010di\u010d, Tea Hvala, Nu\u0161a Komplet Peperko, Katja Pur, Ur\u0161ka Repar, dr. Polona Sitar and dr. Svetlana Slap\u0161ak.<\/strong><\/p>\n<p>MNZC prepares numerous public guided tours and events to accompany the exhibition. Part of the programme is also prepared by the Center for Contemporary Arts Celje.<\/p>\n<p>More (in Slovene): <a href=\"https:\/\/www.muzej-nz-ce.si\/obcasne_razstave\/postati-zenska\/\" rel=\"noopener\" target=\"_blank\">MNZC website<\/a> in <a href=\"https:\/\/csu.si\/dogodek\/program-ob-razstavi-postati-zenska-v-muzeju-novejse-zgodovine-celje\/\" rel=\"noopener\" target=\"_blank\">CSU website<\/a><\/p>\n<p>____<\/p>\n<p>I participate with the series of drawings <a href=\"http:\/\/www.vesna-bukovec.net\/eng\/drawings\/ali-me-nocete-ker-sem-kriticna-do-you-not-want-me-because-im-critical\" rel=\"noopener\" target=\"_blank\">Ali me no\u010dete, ker sem kriti\u010dna \/ Do you not want me, because I\u2019m critical<\/a> (2012)<\/p>\n<p><a href=\"http:\/\/www.vesna-bukovec.net\/eng\/drawings\/ali-me-nocete-ker-sem-kriticna-do-you-not-want-me-because-im-critical\" rel=\"noopener\" target=\"_blank\"><img decoding=\"async\" src=\"http:\/\/www.vesna-bukovec.net\/wp-content\/uploads\/2022\/04\/Bukovec_Ali-me-nocete-ker-sem-kriticna-izrez.jpg\" alt=\"\" width=\"200\" class=\"alignnone size-full wp-image-4449\" \/><\/a><\/p>\n","protected":false},"excerpt":{"rendered":"<table class=\"povzetek\">\n<tr>\n<td valign=\"top\" width=\"200px\"><a href=\"http:\/\/www.vesna-bukovec.net\/eng\/archives\/2935\"><img decoding=\"async\" src=\"http:\/\/www.vesna-bukovec.net\/wp-content\/uploads\/2022\/04\/Postati-zenska-1024x536.jpg\" alt=\"\" width=\"190\" \/><\/a><br \/>\n<\/a><\/td>\n<td valign=\"top\">Theme based museum exhibition<br \/>\nMuseum of Recent History Celje (MNZC), Celje<br \/>\n8 March \u2013 31 Avgust 2022<\/p>\n<p>Curator: Ur\u0161ka Repar<\/p>\n<p><a href=\"http:\/\/www.vesna-bukovec.net\/eng\/archives\/2935\">>>><\/a>\n<\/td>\n<\/tr>\n<\/table>\n","protected":false},"author":1,"featured_media":0,"comment_status":"closed","ping_status":"closed","sticky":false,"template":"","format":"standard","meta":[],"categories":[5],"tags":[],"_links":{"self":[{"href":"http:\/\/www.vesna-bukovec.net\/eng\/wp-json\/wp\/v2\/posts\/2935"}],"collection":[{"href":"http:\/\/www.vesna-bukovec.net\/eng\/wp-json\/wp\/v2\/posts"}],"about":[{"href":"http:\/\/www.vesna-bukovec.net\/eng\/wp-json\/wp\/v2\/types\/post"}],"author":[{"embeddable":true,"href":"http:\/\/www.vesna-bukovec.net\/eng\/wp-json\/wp\/v2\/users\/1"}],"replies":[{"embeddable":true,"href":"http:\/\/www.vesna-bukovec.net\/eng\/wp-json\/wp\/v2\/comments?post=2935"}],"version-history":[{"count":1,"href":"http:\/\/www.vesna-bukovec.net\/eng\/wp-json\/wp\/v2\/posts\/2935\/revisions"}],"predecessor-version":[{"id":2936,"href":"http:\/\/www.vesna-bukovec.net\/eng\/wp-json\/wp\/v2\/posts\/2935\/revisions\/2936"}],"wp:attachment":[{"href":"http:\/\/www.vesna-bukovec.net\/eng\/wp-json\/wp\/v2\/media?parent=2935"}],"wp:term":[{"taxonomy":"category","embeddable":true,"href":"http:\/\/www.vesna-bukovec.net\/eng\/wp-json\/wp\/v2\/categories?post=2935"},{"taxonomy":"post_tag","embeddable":true,"href":"http:\/\/www.vesna-bukovec.net\/eng\/wp-json\/wp\/v2\/tags?post=2935"}],"curies":[{"name":"wp","href":"https:\/\/api.w.org\/{rel}","templated":true}]}}