{"id":921,"date":"2010-10-05T17:26:45","date_gmt":"2010-10-05T15:26:45","guid":{"rendered":"http:\/\/www.vesna-bukovec.net\/eng\/?p=921"},"modified":"2010-10-11T18:38:30","modified_gmt":"2010-10-11T16:38:30","slug":"e-motion-to-cohabit","status":"publish","type":"post","link":"http:\/\/www.vesna-bukovec.net\/eng\/archives\/921","title":{"rendered":"E-motion to cohabit"},"content":{"rendered":"<p><strong>Exhibition:<\/strong> E-motion to cohabit<br \/>\n<strong>Locations:<\/strong> Galleria d&#8217;Arte Moderna Palazzo Forti, Verona<br \/>\n<strong>Date:<\/strong> October 9 &#8211; November 28, 2010<br \/>\n<strong>Opening:<\/strong> Friday, October 8, 2010 at 12.00<\/p>\n<p><strong>Curators:<\/strong> Aurora Fonda, Radmila Iva Jankovi\u0107<\/p>\n<p><strong>Artists:<\/strong> BridA (SI), Vesna Bukovec (SI), Lada Cerar (SI), Marijan Crtali\u0107 (HR), Igor E\u0161kinja (HR), KOLEKTIVA (SI), Andreja Kulun\u010di\u0107 (HR), Vlado Martek (HR), Marjetica Potr\u010d (SI), Marijana Vuki\u0107 (HR), Metka Zupani\u010d (SI)<\/p>\n<p><img decoding=\"async\" loading=\"lazy\" src=\"http:\/\/www.vesna-bukovec.net\/eng\/wp-content\/uploads\/2010\/10\/e-motion_to_cohabit.jpg\" alt=\"\" title=\"E-motion to cohabit\" width=\"450\" height=\"450\" class=\"alignnone size-full wp-image-922\" srcset=\"http:\/\/www.vesna-bukovec.net\/eng\/wp-content\/uploads\/2010\/10\/e-motion_to_cohabit.jpg 450w, http:\/\/www.vesna-bukovec.net\/eng\/wp-content\/uploads\/2010\/10\/e-motion_to_cohabit-150x150.jpg 150w, http:\/\/www.vesna-bukovec.net\/eng\/wp-content\/uploads\/2010\/10\/e-motion_to_cohabit-300x300.jpg 300w\" sizes=\"(max-width: 450px) 100vw, 450px\" \/><\/p>\n<div style=\"clear:both\"><\/div>\n<p><strong>About the exhibition:<\/strong><\/p>\n<p>This year we are continuing to exchange ideas with the contemporary art world in the countries of East Europe. After the last edition, focussed on Bosnia-Herzegovina, this year Aurora Fonda from the Centro Espositivo Pubblico Sloveno, Venice, and Radmila Iva Jankovi\u0107, from the Museum of Contemporary Art, Zagreb, will present a selection of works by twelve artists from Slovenia and Croatia.<\/p>\n<p>We will be presenting a part of that fragmentary culture which in the past century was known as Mitteleuropa or Middle Europe: a geographical mass considered as a paradigm for western post-modern culture and characterized by the eclecticism and fluidity of its values and by its opposition to the two East\/West monolithic blocks.<\/p>\n<p>Ever since antiquity mankind has felt the need to build and delimit areas so as to help his perception of the surrounding world. Effectively, confines do not exist in nature apart from various insurmountable natural barriers. So it is obvious that the human mind cannot imagine a world without physical and mental structures which, in some way, impose limits on our actions and, in exchange, offer us a sense of security.<\/p>\n<p>Art too is an example of this contradiction; in fact, the physical structure of works of art create a space within a space, whether they are installations or simple pictures: these, paradoxically, claim to go open the viewers&#8217; mind to a wider awareness by expanding beyond the exhibition space itself.<\/p>\n<p>Starting from these concepts, we have aimed at constructing a show that, taking into account the emblematic situation of the Italian Northeast which is hosting it, turns its attention to the contemporary art scene in two bordering countries: Slovenia and Croatia.<\/p>\n<p>Here we are faced with a series of economic, social, cultural, and linguistic differences and limits which coalesce to create a fluid situation that can be grasped by observing the works on show.<\/p>\n<p>From a creative point of view, noting the differences and the dialogue between them means becoming aware of the concept of limits seen from a new perspective: that of artists who can display a fascinating discovery to us, one where a single individual&#8217;s language can become the spokesman for the specifics of his origins. That kind of tension which, instead of being a defect, can actually be a strong point which is manifested in the differences in the interpretation of a subject that these artists have to face every day: the body, communications, the territory, space, and social concerns.<\/p>\n<p>This exhibition has been made possible by the collaboration between ArtVerona, the City of Verona&#8217;s cultural office, the Galleria d&#8217;Arte Moderna Palazzo Forti, the A+A gallery, and the Gallerie Costiere, Piran; it has been sponsored by the Slovenian Ministry for Culture, the Consulate of the Slovenian Republic in Trieste, and Zagreb City Council.<\/p>\n<p><em>Aurora Fonda<\/em><\/p>\n<p><a href=\"http:\/\/www.palazzoforti.it\" target=\"_blank\">www.palazzoforti.it<\/a><\/p>\n<p>The exhibiton is part of the accompanying program of ArtVerona 2010.<\/p>\n<div style=\"height:20px\"><\/div>\n<p>I am participating with series of drawings <a href=\"http:\/\/www.vesna-bukovec.net\/eng\/drawings\/positive-illusion\">Positive Illusion<\/a> and video <a href=\"http:\/\/www.vesna-bukovec.net\/eng\/video\/it-will-be-ok\">It Will Be OK<\/a>.<\/p>\n<p><img decoding=\"async\" src=\"http:\/\/www.vesna-bukovec.net\/slike\/news\/Satisfaction-With-Life4.gif\" alt=\"Vesna Bukovec, Positive Illusion, Satisfaction with Life\" \/><\/p>\n<p><img decoding=\"async\" src=\"http:\/\/www.vesna-bukovec.net\/slike\/video\/it-will-be-ok.jpg\" alt=\"It Will Be OK\" \/><\/p>\n<div style=\"clear:both\"><\/div>\n<p>KOLEKTIVA (Vesna Bukovec, Lada Cerar, Metka Zupani\u010d) is participating with a new sculpture <em><a href=\"http:\/\/www.kolektiva.org\/archives\/65\">Lost in Translation<\/a><\/em>.<\/p>\n<p><img decoding=\"async\" src=\"http:\/\/www.kolektiva.org\/wp-content\/uploads\/2010\/lost-in-communication\/kolektiva-lost-in-communication04.jpg\" alt=\"Lost in Translation by KOLEKTIVA, Palazzo Forti, Verona, 2010\" \/><\/p>\n<p>&#8212;<\/p>\n<p>Photos from the opening:<\/p>\n<p><img decoding=\"async\" src=\"http:\/\/www.vesna-bukovec.net\/slike\/news\/verona-opening1.jpg\" alt=\"Opening of the exhibition E-motion to cohabit, Palazzo Forti, Verona, 2010\" \/><\/p>\n<p><img decoding=\"async\" src=\"http:\/\/www.vesna-bukovec.net\/slike\/news\/verona-opening2.jpg\" alt=\"Opening of the exhibition E-motion to cohabit, Palazzo Forti, Verona, 2010\" \/><\/p>\n<p><img decoding=\"async\" src=\"http:\/\/www.vesna-bukovec.net\/slike\/news\/verona-opening3.jpg\" alt=\"Opening of the exhibition E-motion to cohabit, Palazzo Forti, Verona, 2010\" \/><\/p>\n<p><img decoding=\"async\" src=\"http:\/\/www.kolektiva.org\/wp-content\/uploads\/2010\/bukovec-positive-illusion2.jpg\" alt=\"Exhibition E-motion to cohabit, Palazzo Forti, Verona, 2010\" \/><\/p>\n<p><img decoding=\"async\" src=\"http:\/\/www.kolektiva.org\/wp-content\/uploads\/2010\/bukovec-positive-illusion.jpg\" alt=\"Exhibition E-motion to cohabit, Palazzo Forti, Verona, 2010\" \/><\/p>\n","protected":false},"excerpt":{"rendered":"<table class=\"povzetek\">\n<tr>\n<td valign=\"top\" width=\"200px\"><a href=\"http:\/\/www.vesna-bukovec.net\/eng\/archives\/921\"><img decoding=\"async\" src=\"http:\/\/www.vesna-bukovec.net\/eng\/wp-content\/uploads\/2010\/10\/e-motion_to_cohabit.jpg\" alt=\"\" title=\"E-motion to cohabit\" width=\"190\" class=\"alignnone size-full wp-image-922\" srcset=\"http:\/\/www.vesna-bukovec.net\/eng\/wp-content\/uploads\/2010\/10\/e-motion_to_cohabit.jpg 450w, http:\/\/www.vesna-bukovec.net\/eng\/wp-content\/uploads\/2010\/10\/e-motion_to_cohabit-150x150.jpg 150w, http:\/\/www.vesna-bukovec.net\/eng\/wp-content\/uploads\/2010\/10\/e-motion_to_cohabit-300x300.jpg 300w\" sizes=\"(max-width: 450px) 100vw, 450px\" \/><\/a><\/td>\n<td valign=\"top\">Galleria d&#8217;Arte Moderna Palazzo Forti, Verona<br \/>\nOctober 9 &#8211; November 28, 2010<\/p>\n<p>Curators: Aurora Fonda, Radmila Iva Jankovi\u0107<\/p>\n<p>Artists: BridA (SI), Vesna Bukovec (SI), Lada Cerar (SI), Marijan Crtali\u0107 (HR), Igor E\u0161kinja (HR), KOLEKTIVA (SI), Andreja Kulun\u010di\u0107 (HR), Vlado Martek (HR), Marjetica Potr\u010d (SI), Marijana Vuki\u0107 (HR), Metka Zupani\u010d (SI)<\/p>\n<p><a href=\"http:\/\/www.vesna-bukovec.net\/eng\/archives\/921\">>>><\/a>\n<\/td>\n<\/tr>\n<\/table>\n","protected":false},"author":1,"featured_media":0,"comment_status":"closed","ping_status":"closed","sticky":false,"template":"","format":"standard","meta":[],"categories":[5],"tags":[],"_links":{"self":[{"href":"http:\/\/www.vesna-bukovec.net\/eng\/wp-json\/wp\/v2\/posts\/921"}],"collection":[{"href":"http:\/\/www.vesna-bukovec.net\/eng\/wp-json\/wp\/v2\/posts"}],"about":[{"href":"http:\/\/www.vesna-bukovec.net\/eng\/wp-json\/wp\/v2\/types\/post"}],"author":[{"embeddable":true,"href":"http:\/\/www.vesna-bukovec.net\/eng\/wp-json\/wp\/v2\/users\/1"}],"replies":[{"embeddable":true,"href":"http:\/\/www.vesna-bukovec.net\/eng\/wp-json\/wp\/v2\/comments?post=921"}],"version-history":[{"count":16,"href":"http:\/\/www.vesna-bukovec.net\/eng\/wp-json\/wp\/v2\/posts\/921\/revisions"}],"predecessor-version":[{"id":933,"href":"http:\/\/www.vesna-bukovec.net\/eng\/wp-json\/wp\/v2\/posts\/921\/revisions\/933"}],"wp:attachment":[{"href":"http:\/\/www.vesna-bukovec.net\/eng\/wp-json\/wp\/v2\/media?parent=921"}],"wp:term":[{"taxonomy":"category","embeddable":true,"href":"http:\/\/www.vesna-bukovec.net\/eng\/wp-json\/wp\/v2\/categories?post=921"},{"taxonomy":"post_tag","embeddable":true,"href":"http:\/\/www.vesna-bukovec.net\/eng\/wp-json\/wp\/v2\/tags?post=921"}],"curies":[{"name":"wp","href":"https:\/\/api.w.org\/{rel}","templated":true}]}}