{"id":381,"date":"2009-05-04T17:15:04","date_gmt":"2009-05-04T15:15:04","guid":{"rendered":"http:\/\/www.vesna-bukovec.net\/eng\/?p=381"},"modified":"2009-05-28T00:34:53","modified_gmt":"2009-05-27T22:34:53","slug":"photonic-luminatic-new-slovenian-photography-and-video-2","status":"publish","type":"post","link":"https:\/\/www.vesna-bukovec.net\/eng\/archives\/381","title":{"rendered":"PHOTONIC, LUMINATIC: New Slovenian Photography and Video"},"content":{"rendered":"<p><strong>Kultur Zentrum Korotan, Vienna May 7 &#8211; 12, 2009 | Opening on Thursday, May 7 at 7 pm<br \/>\nPhotoport Gallery, Bratislava, May 15 &#8211; June 6, 2009<\/strong><\/p>\n<p>The exhibition was produced by <a href=\"http:\/\/www.photon.si\" target=\"_blank\">Photon Gallery<\/a>, Ljubljana in 2008\/2009. <\/p>\n<p><strong>Curator of photography:<\/strong> Dejan Sluga<br \/>\n<strong>Curators of video:<\/strong> Vesna Bukovec and Metka Zupani\u010d<\/p>\n<p><strong>Participating artists:<\/strong><br \/>\n<strong>Photography:<\/strong> Uro\u0161 Acman, Tomo Brejc, Vanja Bu\u010dan, Dejan Habicht, Jernej Humar, Nata\u0161a Ko\u0161merl, Peter Ko\u0161trun, Andrej Osterman, Borut Peterlin, Bo\u0161tjan Pucelj, Bojan Salaj, Damjan \u0160varc, Bojana Tom\u0161e, \u0160pela Vol\u010di\u010d<br \/>\n<strong>Video:<\/strong> Jasna Hribernik and Zmago Lenardi\u010d, KOLEKTIVA (Vesna Bukovec, Lada Cerar, Metka Zupani\u010d), Polonca Lov\u0161in, Anja Medved, Tanja La\u017eeti\u0107 and Dejan Habicht<\/p>\n<p>The exhibition was <a href=\"http:\/\/www.vesna-bukovec.net\/eng\/archives\/14\">first presented<\/a> in K2 Contemporary Art Center in Izmir, Turkey in 2008. The video section <strong><a href=\"http:\/\/www.vesna-bukovec.net\/eng\/archives\/22\">Video in Progress 2: City Perspetives<\/a><\/strong> was also presented in Photon Gallery in Ljubljana in 2008. In 2009 the video section expanded with additional video of Anja Medved.<\/p>\n<p><a href=\"http:\/\/www.kolektiva.org\/wp-content\/uploads\/2009\/City_Perspectives.pdf\">Updated press release of Video in Progress 2: City Perspetives<\/a> (pdf) <\/p>\n<p><img src='http:\/\/www.vesna-bukovec.net\/slike\/news\/eu-foria.jpg' alt='Anja Medved, EU-foria'\/><\/p>\n<div style=\"clear:both\"><\/div>\n<p>Anja Medved: EU-foria, video still<\/p>\n","protected":false},"excerpt":{"rendered":"<table class=\"povzetek\">\n<tr>\n<td valign=\"top\" width=\"200px\"><a href=\"http:\/\/www.vesna-bukovec.net\/eng\/archives\/381\"><img decoding=\"async\" src=\"http:\/\/www.vesna-bukovec.net\/slike\/news\/photonic-luminatic.jpg\" alt=\"Photonic, Luminatic\" width=\"190px\"\/><\/a><\/td>\n<td valign=\"top\">Kultur Zentrum Korotan, Vienna<br \/>\nMay 7 &#8211; 12, 2009<br \/>\nPhotoport Gallery, Bratislava<br \/>\nMay 15 &#8211; June 6, 2009<br \/>\nCurator of photography: Dejan Sluga<br \/>\nCurators of video: Vesna Bukovec and Metka Zupani\u010d<br \/>\n<a href=\"http:\/\/www.vesna-bukovec.net\/eng\/archives\/381\">>>><\/a>\n<\/td>\n<\/tr>\n<\/table>\n","protected":false},"author":1,"featured_media":0,"comment_status":"closed","ping_status":"closed","sticky":false,"template":"","format":"standard","meta":[],"categories":[5],"tags":[],"_links":{"self":[{"href":"https:\/\/www.vesna-bukovec.net\/eng\/wp-json\/wp\/v2\/posts\/381"}],"collection":[{"href":"https:\/\/www.vesna-bukovec.net\/eng\/wp-json\/wp\/v2\/posts"}],"about":[{"href":"https:\/\/www.vesna-bukovec.net\/eng\/wp-json\/wp\/v2\/types\/post"}],"author":[{"embeddable":true,"href":"https:\/\/www.vesna-bukovec.net\/eng\/wp-json\/wp\/v2\/users\/1"}],"replies":[{"embeddable":true,"href":"https:\/\/www.vesna-bukovec.net\/eng\/wp-json\/wp\/v2\/comments?post=381"}],"version-history":[{"count":15,"href":"https:\/\/www.vesna-bukovec.net\/eng\/wp-json\/wp\/v2\/posts\/381\/revisions"}],"predecessor-version":[{"id":413,"href":"https:\/\/www.vesna-bukovec.net\/eng\/wp-json\/wp\/v2\/posts\/381\/revisions\/413"}],"wp:attachment":[{"href":"https:\/\/www.vesna-bukovec.net\/eng\/wp-json\/wp\/v2\/media?parent=381"}],"wp:term":[{"taxonomy":"category","embeddable":true,"href":"https:\/\/www.vesna-bukovec.net\/eng\/wp-json\/wp\/v2\/categories?post=381"},{"taxonomy":"post_tag","embeddable":true,"href":"https:\/\/www.vesna-bukovec.net\/eng\/wp-json\/wp\/v2\/tags?post=381"}],"curies":[{"name":"wp","href":"https:\/\/api.w.org\/{rel}","templated":true}]}}